{"id":137,"date":"2010-03-08T01:26:27","date_gmt":"2010-03-07T23:26:27","guid":{"rendered":"http:\/\/cameracartell.com\/wp\/?p=137"},"modified":"2012-02-27T14:58:48","modified_gmt":"2012-02-27T12:58:48","slug":"cameracartell-and-third-spaces","status":"publish","type":"post","link":"https:\/\/cameracartell.com\/wp\/?p=137","title":{"rendered":"border space\/ in between space"},"content":{"rendered":"<p><a href=\"http:\/\/cameracartell.com\/wp\/wp-content\/uploads\/2010\/03\/image.jpg\"><img loading=\"lazy\" decoding=\"async\" class=\"alignnone size-full wp-image-323\" title=\"image\" src=\"http:\/\/cameracartell.com\/wp\/wp-content\/uploads\/2010\/03\/image.jpg\" alt=\"\" width=\"418\" height=\"266\" srcset=\"https:\/\/cameracartell.com\/wp\/wp-content\/uploads\/2010\/03\/image.jpg 418w, https:\/\/cameracartell.com\/wp\/wp-content\/uploads\/2010\/03\/image-300x190.jpg 300w\" sizes=\"(max-width: 418px) 100vw, 418px\" \/><\/a><\/p>\n<p style=\"text-align: left;\"><strong>&#8222;Grenzraum aktiver Zwischenraum&#8220;<\/strong><\/p>\n<p style=\"text-align: left;\"><strong>border space \/ in between space <\/strong><\/p>\n<p style=\"text-align: left;\"><strong><span style=\"font-weight: normal;\"><em>Vortrag &amp; Filmscreening von Farida Heuck<\/em><em> und <\/em><span style=\"color: #333333;\"><em>Jae-Hyun Yoo\u00a0in Kooperation mit Cameracartell<\/em><\/span><\/span><\/strong><\/p>\n<p style=\"text-align: left;\"><span>Mittwoch, den 24.03.2010\u00a0<span>um 19 Uhr, im <\/span><a href=\"http:\/\/www.kunsthaushamburg.de\/\" target=\"_blank\">Kunsthaus Hamburg<\/a><\/span><\/p>\n<p style=\"text-align: left;\"><span>im Rahmen der Ausstellung <a href=\"http:\/\/www.vondrittenraeumen.net\/begleitprogramm\/\" target=\"_blank\">&#8222;von dritten R\u00e4umen&#8220;<\/a><br \/>\n<em><br \/>\n<\/em><\/span><\/p>\n<p style=\"text-align: left;\">Welche Funktion hat ein Grenzraum neben der Durchsetzung einer Teilung? Dient er als aktive Zone des Unbestimmten, in der es Neues zu verhandeln gilt? Und h\u00e4ngen diese Handlungs- und Handelsr\u00e4ume nicht stets auch von der aktuellen politischen Lage ab?<\/p>\n<p style=\"text-align: left;\">In Zeiten der Globalisierung dehnen sich die Grenzlinien zum aktiven\u00a0Zwischenraum. Die Grenzlinie wird zu einem dritten Raum zu einer Zone,\u00a0die k\u00f6rperlich f\u00fchlbar ist und symbolisch inszeniert wird, ein Dogma bildet und zugleich Handlungen voraussetzt. Diese Ph\u00e4nomene internationaler\u00a0Grenzen lassen sich verdichtet an der demilitarisierten Zone (DMZ) zwischen S\u00fcd- und Nordkorea ablesen. Farida Heuck und Jae-Hyun Yoo stellen ihr Projekt \u00fcber diese Grenzregion vor und zeigen Filmausschnitte. Im Dialog mit Cameracartell wird die Thematik in Bezug auf filmisch &#8211; k\u00fcnstlerische Arbeitsweisen und Strategien diskutiert.<\/p>\n","protected":false},"excerpt":{"rendered":"<p>&#8222;Grenzraum aktiver Zwischenraum&#8220; border space \/ in between space Vortrag &amp; Filmscreening von Farida Heuck und Jae-Hyun Yoo\u00a0in Kooperation mit Cameracartell Mittwoch, den 24.03.2010\u00a0um 19 Uhr, im Kunsthaus Hamburg im Rahmen der Ausstellung &#8222;von dritten R\u00e4umen&#8220; Welche Funktion hat ein Grenzraum neben der Durchsetzung einer Teilung? Dient er als aktive Zone des Unbestimmten, in der [&hellip;]<\/p>\n","protected":false},"author":2,"featured_media":0,"comment_status":"closed","ping_status":"open","sticky":false,"template":"","format":"standard","meta":{"footnotes":""},"categories":[4],"tags":[],"_links":{"self":[{"href":"https:\/\/cameracartell.com\/wp\/index.php?rest_route=\/wp\/v2\/posts\/137"}],"collection":[{"href":"https:\/\/cameracartell.com\/wp\/index.php?rest_route=\/wp\/v2\/posts"}],"about":[{"href":"https:\/\/cameracartell.com\/wp\/index.php?rest_route=\/wp\/v2\/types\/post"}],"author":[{"embeddable":true,"href":"https:\/\/cameracartell.com\/wp\/index.php?rest_route=\/wp\/v2\/users\/2"}],"replies":[{"embeddable":true,"href":"https:\/\/cameracartell.com\/wp\/index.php?rest_route=%2Fwp%2Fv2%2Fcomments&post=137"}],"version-history":[{"count":3,"href":"https:\/\/cameracartell.com\/wp\/index.php?rest_route=\/wp\/v2\/posts\/137\/revisions"}],"predecessor-version":[{"id":150,"href":"https:\/\/cameracartell.com\/wp\/index.php?rest_route=\/wp\/v2\/posts\/137\/revisions\/150"}],"wp:attachment":[{"href":"https:\/\/cameracartell.com\/wp\/index.php?rest_route=%2Fwp%2Fv2%2Fmedia&parent=137"}],"wp:term":[{"taxonomy":"category","embeddable":true,"href":"https:\/\/cameracartell.com\/wp\/index.php?rest_route=%2Fwp%2Fv2%2Fcategories&post=137"},{"taxonomy":"post_tag","embeddable":true,"href":"https:\/\/cameracartell.com\/wp\/index.php?rest_route=%2Fwp%2Fv2%2Ftags&post=137"}],"curies":[{"name":"wp","href":"https:\/\/api.w.org\/{rel}","templated":true}]}}